{"id":1582,"date":"2026-01-16T11:38:00","date_gmt":"2026-01-16T11:38:00","guid":{"rendered":"https:\/\/ccec-sa.com\/?p=1582"},"modified":"2026-03-18T12:37:18","modified_gmt":"2026-03-18T12:37:18","slug":"participation-de-la-ccec-sa-au-forum-national-de-la-jeunesse-2026","status":"publish","type":"post","link":"https:\/\/ccec-sa.com\/index.php\/2026\/01\/16\/participation-de-la-ccec-sa-au-forum-national-de-la-jeunesse-2026\/","title":{"rendered":"Participation de la CCEC-SA au Forum National de la Jeunesse 2026"},"content":{"rendered":"\t\t<div data-elementor-type=\"wp-post\" data-elementor-id=\"1582\" class=\"elementor elementor-1582\">\n\t\t\t\t\t\t\t\t\t<section data-particle_enable=\"false\" data-particle-mobile-disabled=\"false\" data-exad-particle-enable=\"false\" class=\"elementor-section elementor-top-section elementor-element elementor-element-2b37e51c elementor-section-full_width elementor-section-stretched elementor-section-height-default elementor-section-height-default exad-parallax-effect-no exad-background-color-change-no exad-glass-effect-no wpr-particle-no wpr-jarallax-no wpr-parallax-no wpr-sticky-section-no exad-sticky-section-no\" data-id=\"2b37e51c\" data-element_type=\"section\" data-settings=\"{&quot;stretch_section&quot;:&quot;section-stretched&quot;,&quot;background_background&quot;:&quot;classic&quot;,&quot;_ha_eqh_enable&quot;:false}\">\n\t\t\t\t\t\t<div class=\"elementor-container elementor-column-gap-no\">\n\t\t\t\t\t<div class=\"elementor-column elementor-col-100 elementor-top-column elementor-element elementor-element-2b9b9f89 exad-glass-effect-no exad-sticky-section-no\" data-id=\"2b9b9f89\" data-element_type=\"column\">\n\t\t\t<div class=\"elementor-widget-wrap elementor-element-populated\">\n\t\t\t\t\t\t\t\t<section data-particle_enable=\"false\" data-particle-mobile-disabled=\"false\" data-exad-particle-enable=\"false\" class=\"elementor-section elementor-inner-section elementor-element elementor-element-d1f31d6 elementor-section-boxed elementor-section-height-default elementor-section-height-default exad-parallax-effect-no exad-background-color-change-no exad-glass-effect-no wpr-particle-no wpr-jarallax-no wpr-parallax-no wpr-sticky-section-no exad-sticky-section-no\" data-id=\"d1f31d6\" data-element_type=\"section\" data-settings=\"{&quot;_ha_eqh_enable&quot;:false}\">\n\t\t\t\t\t\t<div class=\"elementor-container elementor-column-gap-no\">\n\t\t\t\t\t<div class=\"elementor-column elementor-col-100 elementor-inner-column elementor-element elementor-element-21bfc03c exad-glass-effect-no exad-sticky-section-no elementor-invisible\" data-id=\"21bfc03c\" data-element_type=\"column\" data-settings=\"{&quot;animation&quot;:&quot;fadeIn&quot;}\">\n\t\t\t<div class=\"elementor-widget-wrap elementor-element-populated\">\n\t\t\t\t\t\t\t\t<div class=\"elementor-element elementor-element-3fa8fd0e exad-sticky-section-no exad-glass-effect-no elementor-widget elementor-widget-heading\" data-id=\"3fa8fd0e\" data-element_type=\"widget\" data-settings=\"{&quot;ekit_we_effect_on&quot;:&quot;none&quot;}\" data-widget_type=\"heading.default\">\n\t\t\t\t<div class=\"elementor-widget-container\">\n\t\t\t<style>\/*! elementor - v3.8.0 - 30-10-2022 *\/\n.elementor-heading-title{padding:0;margin:0;line-height:1}.elementor-widget-heading .elementor-heading-title[class*=elementor-size-]>a{color:inherit;font-size:inherit;line-height:inherit}.elementor-widget-heading .elementor-heading-title.elementor-size-small{font-size:15px}.elementor-widget-heading .elementor-heading-title.elementor-size-medium{font-size:19px}.elementor-widget-heading .elementor-heading-title.elementor-size-large{font-size:29px}.elementor-widget-heading .elementor-heading-title.elementor-size-xl{font-size:39px}.elementor-widget-heading .elementor-heading-title.elementor-size-xxl{font-size:59px}<\/style><h2 class=\"elementor-heading-title elementor-size-default\">Actualit\u00e9s<\/h2>\t\t<\/div>\n\t\t\t\t<\/div>\n\t\t\t\t\t<\/div>\n\t\t<\/div>\n\t\t\t\t\t\t\t<\/div>\n\t\t<\/section>\n\t\t\t\t\t<\/div>\n\t\t<\/div>\n\t\t\t\t\t\t\t<\/div>\n\t\t<\/section>\n\t\t\t\t<section data-particle_enable=\"false\" data-particle-mobile-disabled=\"false\" data-exad-particle-enable=\"false\" class=\"elementor-section elementor-top-section elementor-element elementor-element-4da53a5c elementor-section-full_width elementor-section-stretched elementor-section-height-default elementor-section-height-default exad-parallax-effect-no exad-background-color-change-no exad-glass-effect-no wpr-particle-no wpr-jarallax-no wpr-parallax-no wpr-sticky-section-no exad-sticky-section-no\" data-id=\"4da53a5c\" data-element_type=\"section\" data-settings=\"{&quot;stretch_section&quot;:&quot;section-stretched&quot;,&quot;background_background&quot;:&quot;classic&quot;,&quot;_ha_eqh_enable&quot;:false}\">\n\t\t\t\t\t\t<div class=\"elementor-container elementor-column-gap-no\">\n\t\t\t\t\t<div class=\"elementor-column elementor-col-100 elementor-top-column elementor-element elementor-element-77c7fb4 exad-glass-effect-no exad-sticky-section-no\" data-id=\"77c7fb4\" data-element_type=\"column\">\n\t\t\t<div class=\"elementor-widget-wrap elementor-element-populated\">\n\t\t\t\t\t\t\t\t<section data-particle_enable=\"false\" data-particle-mobile-disabled=\"false\" data-exad-particle-enable=\"false\" class=\"elementor-section elementor-inner-section elementor-element elementor-element-70ce78b9 elementor-section-boxed elementor-section-height-default elementor-section-height-default exad-parallax-effect-no exad-background-color-change-no exad-glass-effect-no wpr-particle-no wpr-jarallax-no wpr-parallax-no wpr-sticky-section-no exad-sticky-section-no\" data-id=\"70ce78b9\" data-element_type=\"section\" data-settings=\"{&quot;_ha_eqh_enable&quot;:false}\">\n\t\t\t\t\t\t<div class=\"elementor-container elementor-column-gap-no\">\n\t\t\t\t\t<div class=\"elementor-column elementor-col-50 elementor-inner-column elementor-element elementor-element-5ac007fd exad-glass-effect-no exad-sticky-section-no\" data-id=\"5ac007fd\" data-element_type=\"column\">\n\t\t\t<div class=\"elementor-widget-wrap elementor-element-populated\">\n\t\t\t\t\t\t\t\t<div class=\"elementor-element elementor-element-68b38abf exad-sticky-section-no exad-glass-effect-no elementor-widget elementor-widget-image\" data-id=\"68b38abf\" data-element_type=\"widget\" data-settings=\"{&quot;ekit_we_effect_on&quot;:&quot;none&quot;}\" data-widget_type=\"image.default\">\n\t\t\t\t<div class=\"elementor-widget-container\">\n\t\t\t<style>\/*! elementor - v3.8.0 - 30-10-2022 *\/\n.elementor-widget-image{text-align:center}.elementor-widget-image a{display:inline-block}.elementor-widget-image a img[src$=\".svg\"]{width:48px}.elementor-widget-image img{vertical-align:middle;display:inline-block}<\/style>\t\t\t\t\t\t\t\t\t\t\t\t<img loading=\"lazy\" decoding=\"async\" width=\"1187\" height=\"678\" src=\"https:\/\/ccec-sa.com\/wp-content\/uploads\/2026\/03\/Participation-de-la-CCEC-SA-au-Forum-National-de-la-Jeunesse-2026-2.jpeg\" class=\"attachment-full size-full\" alt=\"\" srcset=\"https:\/\/ccec-sa.com\/wp-content\/uploads\/2026\/03\/Participation-de-la-CCEC-SA-au-Forum-National-de-la-Jeunesse-2026-2.jpeg 1187w, https:\/\/ccec-sa.com\/wp-content\/uploads\/2026\/03\/Participation-de-la-CCEC-SA-au-Forum-National-de-la-Jeunesse-2026-2-300x171.jpeg 300w, https:\/\/ccec-sa.com\/wp-content\/uploads\/2026\/03\/Participation-de-la-CCEC-SA-au-Forum-National-de-la-Jeunesse-2026-2-1024x585.jpeg 1024w, https:\/\/ccec-sa.com\/wp-content\/uploads\/2026\/03\/Participation-de-la-CCEC-SA-au-Forum-National-de-la-Jeunesse-2026-2-768x439.jpeg 768w\" sizes=\"auto, (max-width: 1187px) 100vw, 1187px\" \/>\t\t\t\t\t\t\t\t\t\t\t\t\t\t\t<\/div>\n\t\t\t\t<\/div>\n\t\t\t\t<div class=\"elementor-element elementor-element-760457d5 exad-sticky-section-no exad-glass-effect-no elementor-widget elementor-widget-heading\" data-id=\"760457d5\" data-element_type=\"widget\" data-settings=\"{&quot;ekit_we_effect_on&quot;:&quot;none&quot;}\" data-widget_type=\"heading.default\">\n\t\t\t\t<div class=\"elementor-widget-container\">\n\t\t\t<h2 class=\"elementor-heading-title elementor-size-default\">Participation de la CCEC-SA au Forum National de la Jeunesse 2026<\/h2>\t\t<\/div>\n\t\t\t\t<\/div>\n\t\t\t\t<div class=\"elementor-element elementor-element-69cdf17e exad-sticky-section-no exad-glass-effect-no elementor-widget elementor-widget-post-info\" data-id=\"69cdf17e\" data-element_type=\"widget\" data-settings=\"{&quot;ekit_we_effect_on&quot;:&quot;none&quot;}\" data-widget_type=\"post-info.default\">\n\t\t\t\t<div class=\"elementor-widget-container\">\n\t\t\t<link rel=\"stylesheet\" href=\"https:\/\/ccec-sa.com\/wp-content\/plugins\/elementor\/assets\/css\/widget-icon-list.min.css\"><link rel=\"stylesheet\" href=\"https:\/\/ccec-sa.com\/wp-content\/plugins\/elementor-pro\/assets\/css\/widget-theme-elements.min.css\">\t\t<ul class=\"elementor-inline-items elementor-icon-list-items elementor-post-info\">\n\t\t\t\t\t\t\t\t<li class=\"elementor-icon-list-item elementor-repeater-item-6092553 elementor-inline-item\" itemprop=\"datePublished\">\n\t\t\t\t\t\t<a href=\"https:\/\/ccec-sa.com\/index.php\/2026\/01\/16\/\">\n\t\t\t\t\t\t\t\t\t\t\t<span class=\"elementor-icon-list-icon\">\n\t\t\t\t\t\t\t\t<i aria-hidden=\"true\" class=\"fas fa-calendar\"><\/i>\t\t\t\t\t\t\t<\/span>\n\t\t\t\t\t\t\t\t\t<span class=\"elementor-icon-list-text elementor-post-info__item elementor-post-info__item--type-date\">\n\t\t\t\t\t\t\t\t\t\tjanvier 16, 2026\t\t\t\t\t<\/span>\n\t\t\t\t\t\t\t\t\t<\/a>\n\t\t\t\t<\/li>\n\t\t\t\t<\/ul>\n\t\t\t\t<\/div>\n\t\t\t\t<\/div>\n\t\t\t\t<div class=\"elementor-element elementor-element-7c0af80f exad-sticky-section-no exad-glass-effect-no elementor-widget elementor-widget-text-editor\" data-id=\"7c0af80f\" data-element_type=\"widget\" data-settings=\"{&quot;ekit_we_effect_on&quot;:&quot;none&quot;}\" data-widget_type=\"text-editor.default\">\n\t\t\t\t<div class=\"elementor-widget-container\">\n\t\t\t<style>\/*! elementor - v3.8.0 - 30-10-2022 *\/\n.elementor-widget-text-editor.elementor-drop-cap-view-stacked .elementor-drop-cap{background-color:#818a91;color:#fff}.elementor-widget-text-editor.elementor-drop-cap-view-framed .elementor-drop-cap{color:#818a91;border:3px solid;background-color:transparent}.elementor-widget-text-editor:not(.elementor-drop-cap-view-default) .elementor-drop-cap{margin-top:8px}.elementor-widget-text-editor:not(.elementor-drop-cap-view-default) .elementor-drop-cap-letter{width:1em;height:1em}.elementor-widget-text-editor .elementor-drop-cap{float:left;text-align:center;line-height:1;font-size:50px}.elementor-widget-text-editor .elementor-drop-cap-letter{display:inline-block}<\/style>\t\t\t\t<p>Du 14 au 16 janvier 2026, la Caisse Camerounaise d\u2019Epargne et de Cr\u00e9dit SA (CCEC-SA) a pris part au Forum National de la Jeunesse, tenu au Palais des Congr\u00e8s de Yaound\u00e9.<\/p><p>Organis\u00e9 dans le cadre de la mise en \u0153uvre des Tr\u00e8s Hautes Prescriptions de Paul Biya, Pr\u00e9sident de la R\u00e9publique du Cameroun, ce forum s\u2019inscrit dans la dynamique du septennat des <strong>\u00ab Grandes Esp\u00e9rances \u00bb<\/strong>, visant \u00e0 promouvoir un d\u00e9veloppement national inclusif, stable et prosp\u00e8re.<\/p><p>Plac\u00e9e sous la coordination du Minist\u00e8re de la Jeunesse et de l\u2019\u00c9ducation Civique du Cameroun (MINJEC), cette rencontre de haut niveau s\u2019est d\u00e9roul\u00e9e sous le th\u00e8me :<br \/><strong>\u00ab Jeunesse camerounaise : un capital humain aux valeurs morales, civiques et entrepreneuriales fortes, au c\u0153ur du septennat des Grandes Esp\u00e9rances pour un Cameroun uni, stable et prosp\u00e8re<\/strong> <strong>\u00bb<\/strong>.<\/p>\t\t\t\t\t\t<\/div>\n\t\t\t\t<\/div>\n\t\t\t\t<div class=\"elementor-element elementor-element-41efcb7 elementor-arrows-position-inside elementor-pagination-position-outside exad-sticky-section-no exad-glass-effect-no elementor-widget elementor-widget-image-carousel\" data-id=\"41efcb7\" data-element_type=\"widget\" data-settings=\"{&quot;navigation&quot;:&quot;both&quot;,&quot;autoplay&quot;:&quot;yes&quot;,&quot;pause_on_hover&quot;:&quot;yes&quot;,&quot;pause_on_interaction&quot;:&quot;yes&quot;,&quot;autoplay_speed&quot;:5000,&quot;infinite&quot;:&quot;yes&quot;,&quot;speed&quot;:500,&quot;image_spacing_custom&quot;:{&quot;unit&quot;:&quot;px&quot;,&quot;size&quot;:20,&quot;sizes&quot;:[]},&quot;ekit_we_effect_on&quot;:&quot;none&quot;}\" data-widget_type=\"image-carousel.default\">\n\t\t\t\t<div class=\"elementor-widget-container\">\n\t\t\t<style>\/*! elementor - v3.8.0 - 30-10-2022 *\/\n.elementor-widget-image-carousel .swiper-container{position:static}.elementor-widget-image-carousel .swiper-container .swiper-slide figure{line-height:inherit}.elementor-widget-image-carousel .swiper-slide{text-align:center}.elementor-image-carousel-wrapper:not(.swiper-container-initialized) .swiper-slide{max-width:calc(100% \/ var(--e-image-carousel-slides-to-show, 3))}<\/style>\t\t<div class=\"elementor-image-carousel-wrapper swiper-container\" dir=\"ltr\">\n\t\t\t<div class=\"elementor-image-carousel swiper-wrapper\">\n\t\t\t\t\t\t\t\t<div class=\"swiper-slide\"><figure class=\"swiper-slide-inner\"><img decoding=\"async\" class=\"swiper-slide-image\" src=\"https:\/\/ccec-sa.com\/wp-content\/uploads\/2026\/03\/Participation-de-la-CCEC-SA-au-Forum-National-de-la-Jeunesse-2026-4-1024x576.jpeg\" alt=\"Participation de la CCEC-SA au Forum National de la Jeunesse 2026 (4)\" \/><\/figure><\/div><div class=\"swiper-slide\"><figure class=\"swiper-slide-inner\"><img decoding=\"async\" class=\"swiper-slide-image\" src=\"https:\/\/ccec-sa.com\/wp-content\/uploads\/2026\/03\/Participation-de-la-CCEC-SA-au-Forum-National-de-la-Jeunesse-2026-3-963x1024.jpeg\" alt=\"Participation de la CCEC-SA au Forum National de la Jeunesse 2026 (3)\" \/><\/figure><\/div><div class=\"swiper-slide\"><figure class=\"swiper-slide-inner\"><img decoding=\"async\" class=\"swiper-slide-image\" src=\"https:\/\/ccec-sa.com\/wp-content\/uploads\/2026\/03\/Participation-de-la-CCEC-SA-au-Forum-National-de-la-Jeunesse-2026-2-1024x585.jpeg\" alt=\"Participation de la CCEC-SA au Forum National de la Jeunesse 2026 (2)\" \/><\/figure><\/div><div class=\"swiper-slide\"><figure class=\"swiper-slide-inner\"><img decoding=\"async\" class=\"swiper-slide-image\" src=\"https:\/\/ccec-sa.com\/wp-content\/uploads\/2026\/03\/Participation-de-la-CCEC-SA-au-Forum-National-de-la-Jeunesse-2026-1-1024x768.jpeg\" alt=\"Participation de la CCEC-SA au Forum National de la Jeunesse 2026 (1)\" \/><\/figure><\/div>\t\t\t<\/div>\n\t\t\t\t\t\t\t\t\t\t\t\t<div class=\"swiper-pagination\"><\/div>\n\t\t\t\t\t\t\t\t\t\t\t\t\t<div class=\"elementor-swiper-button elementor-swiper-button-prev\">\n\t\t\t\t\t\t<i aria-hidden=\"true\" class=\"eicon-chevron-left\"><\/i>\t\t\t\t\t\t<span class=\"elementor-screen-only\">Pr\u00e9c\u00e9dent<\/span>\n\t\t\t\t\t<\/div>\n\t\t\t\t\t<div class=\"elementor-swiper-button elementor-swiper-button-next\">\n\t\t\t\t\t\t<i aria-hidden=\"true\" class=\"eicon-chevron-right\"><\/i>\t\t\t\t\t\t<span class=\"elementor-screen-only\">Suivant<\/span>\n\t\t\t\t\t<\/div>\n\t\t\t\t\t\t\t\t\t<\/div>\n\t\t\t\t<\/div>\n\t\t\t\t<\/div>\n\t\t\t\t<div class=\"elementor-element elementor-element-f63e5f2 exad-sticky-section-no exad-glass-effect-no elementor-widget elementor-widget-text-editor\" data-id=\"f63e5f2\" data-element_type=\"widget\" data-settings=\"{&quot;ekit_we_effect_on&quot;:&quot;none&quot;}\" data-widget_type=\"text-editor.default\">\n\t\t\t\t<div class=\"elementor-widget-container\">\n\t\t\t\t\t\t\t<div><strong>Un cadre de r\u00e9flexion strat\u00e9gique pour l\u2019avenir de la jeunesse<\/strong><\/div>\n<div>\u00a0<\/div>\n<div>Le Forum National de la Jeunesse constitue une plateforme d\u2019\u00e9changes visant \u00e0 renforcer la prise en compte des aspirations des jeunes dans l\u2019\u00e9laboration et la mise en \u0153uvre des politiques publiques.<\/div>\n<div>\u00a0<\/div>\n<div>Les travaux ont port\u00e9 sur plusieurs axes prioritaires, notamment :<\/div>\n<div>\u2022L\u2019\u00e9ducation et la formation professionnelle ;<\/div>\n<div>\u2022Le d\u00e9veloppement des comp\u00e9tences et l\u2019employabilit\u00e9 ;<\/div>\n<div>\u2022L\u2019entrepreneuriat et l\u2019innovation ;<\/div>\n<div>\u2022La participation citoyenne et le leadership des jeunes ;<\/div>\n<div>\u2022La promotion de la coh\u00e9sion sociale, de la paix et de la s\u00e9curit\u00e9 ;<\/div>\n<div>\u2022Le bien-\u00eatre int\u00e9gral de la jeunesse camerounaise.<\/div>\n<div>\u00a0<\/div>\n<div>Cette initiative s\u2019inscrit \u00e9galement dans la dynamique de mise en \u0153uvre de la Politique Nationale de la Jeunesse, du Plan Jeunesse, ainsi que du Plan Sp\u00e9cial de Promotion de l\u2019Emploi des Jeunes.<\/div>\n<div>\u00a0<\/div>\n<div><strong>L\u2019engagement institutionnel de la CCEC-SA<\/strong><\/div>\n<div>\u00a0<\/div>\n<div>La participation de la CCEC-SA \u00e0 ce forum traduit son positionnement en tant qu\u2019acteur financier engag\u00e9 dans l\u2019accompagnement socio\u00e9conomique de la jeunesse camerounaise.<\/div>\n<div>\u00a0<\/div>\n<div>\u00c0 travers cette plateforme d\u2019\u00e9changes, la CCEC-SA a r\u00e9affirm\u00e9 sa volont\u00e9 de contribuer \u00e0 :<\/div>\n<div>\u2022La promotion de l\u2019inclusion financi\u00e8re des jeunes ;<\/div>\n<div>\u2022L\u2019accompagnement des projets entrepreneuriaux port\u00e9s par les jeunes ;<\/div>\n<div>\u2022Le renforcement de la culture d\u2019\u00e9pargne et de gestion financi\u00e8re responsable ;<\/div>\n<div>\u2022La facilitation de l\u2019acc\u00e8s aux services bancaires modernes.<\/div>\n<div>\u00a0<\/div>\n<div>En tant qu\u2019institution financi\u00e8re responsable, la CCEC-SA demeure mobilis\u00e9e pour soutenir les initiatives favorisant l\u2019\u00e9mergence d\u2019une jeunesse comp\u00e9tente, entreprenante et r\u00e9siliente.<\/div>\n<div>\u00a0<\/div>\n<div><strong>Une contribution \u00e0 la vision nationale de d\u00e9veloppement<\/strong><\/div>\n<div>\u00a0<\/div>\n<div>La participation de la CCEC-SA \u00e0 ce forum s\u2019inscrit dans une d\u00e9marche strat\u00e9gique visant \u00e0 soutenir la transformation socio\u00e9conomique du Cameroun \u00e0 travers l\u2019autonomisation financi\u00e8re et professionnelle des jeunes.<\/div>\n<div>\u00a0<\/div>\n<div><em>Investir dans la jeunesse aujourd\u2019hui, c\u2019est b\u00e2tir le Cameroun de demain.<\/em><\/div>\t\t\t\t\t\t<\/div>\n\t\t\t\t<\/div>\n\t\t\t\t<div class=\"elementor-element elementor-element-19f5560d gallery-spacing-custom exad-sticky-section-no exad-glass-effect-no elementor-widget elementor-widget-image-gallery\" data-id=\"19f5560d\" data-element_type=\"widget\" data-settings=\"{&quot;ekit_we_effect_on&quot;:&quot;none&quot;}\" data-widget_type=\"image-gallery.default\">\n\t\t\t\t<div class=\"elementor-widget-container\">\n\t\t\t<style>\/*! elementor - v3.8.0 - 30-10-2022 *\/\n.elementor-image-gallery .gallery-item{display:inline-block;text-align:center;vertical-align:top;width:100%;max-width:100%;margin:0 auto}.elementor-image-gallery .gallery-item img{margin:0 auto}.elementor-image-gallery .gallery-item .gallery-caption{margin:0}.elementor-image-gallery figure img{display:block}.elementor-image-gallery figure figcaption{width:100%}.gallery-spacing-custom .elementor-image-gallery .gallery-icon{padding:0}@media (min-width:768px){.elementor-image-gallery .gallery-columns-2 .gallery-item{max-width:50%}.elementor-image-gallery .gallery-columns-3 .gallery-item{max-width:33.33%}.elementor-image-gallery .gallery-columns-4 .gallery-item{max-width:25%}.elementor-image-gallery .gallery-columns-5 .gallery-item{max-width:20%}.elementor-image-gallery .gallery-columns-6 .gallery-item{max-width:16.666%}.elementor-image-gallery .gallery-columns-7 .gallery-item{max-width:14.28%}.elementor-image-gallery .gallery-columns-8 .gallery-item{max-width:12.5%}.elementor-image-gallery .gallery-columns-9 .gallery-item{max-width:11.11%}.elementor-image-gallery .gallery-columns-10 .gallery-item{max-width:10%}}@media (min-width:480px) and (max-width:767px){.elementor-image-gallery .gallery.gallery-columns-2 .gallery-item,.elementor-image-gallery .gallery.gallery-columns-3 .gallery-item,.elementor-image-gallery .gallery.gallery-columns-4 .gallery-item,.elementor-image-gallery .gallery.gallery-columns-5 .gallery-item,.elementor-image-gallery .gallery.gallery-columns-6 .gallery-item,.elementor-image-gallery .gallery.gallery-columns-7 .gallery-item,.elementor-image-gallery .gallery.gallery-columns-8 .gallery-item,.elementor-image-gallery .gallery.gallery-columns-9 .gallery-item,.elementor-image-gallery .gallery.gallery-columns-10 .gallery-item{max-width:50%}}@media (max-width:479px){.elementor-image-gallery .gallery.gallery-columns-2 .gallery-item,.elementor-image-gallery .gallery.gallery-columns-3 .gallery-item,.elementor-image-gallery .gallery.gallery-columns-4 .gallery-item,.elementor-image-gallery .gallery.gallery-columns-5 .gallery-item,.elementor-image-gallery .gallery.gallery-columns-6 .gallery-item,.elementor-image-gallery .gallery.gallery-columns-7 .gallery-item,.elementor-image-gallery .gallery.gallery-columns-8 .gallery-item,.elementor-image-gallery .gallery.gallery-columns-9 .gallery-item,.elementor-image-gallery .gallery.gallery-columns-10 .gallery-item{max-width:100%}}<\/style>\t\t<div class=\"elementor-image-gallery\">\n\t\t\t\t\t<\/div>\n\t\t\t\t<\/div>\n\t\t\t\t<\/div>\n\t\t\t\t<div class=\"elementor-element elementor-element-85aaa5b exad-sticky-section-no exad-glass-effect-no elementor-widget elementor-widget-post-info\" data-id=\"85aaa5b\" data-element_type=\"widget\" data-settings=\"{&quot;ekit_we_effect_on&quot;:&quot;none&quot;}\" data-widget_type=\"post-info.default\">\n\t\t\t\t<div class=\"elementor-widget-container\">\n\t\t\t\t\t<ul class=\"elementor-inline-items elementor-icon-list-items elementor-post-info\">\n\t\t\t\t\t\t\t\t<li class=\"elementor-icon-list-item elementor-repeater-item-cb05666 elementor-inline-item\" itemprop=\"datePublished\">\n\t\t\t\t\t\t<a href=\"https:\/\/ccec-sa.com\/index.php\/2026\/01\/16\/\">\n\t\t\t\t\t\t\t\t\t\t\t<span class=\"elementor-icon-list-icon\">\n\t\t\t\t\t\t\t\t<i aria-hidden=\"true\" class=\"fas fa-calendar\"><\/i>\t\t\t\t\t\t\t<\/span>\n\t\t\t\t\t\t\t\t\t<span class=\"elementor-icon-list-text elementor-post-info__item elementor-post-info__item--type-date\">\n\t\t\t\t\t\t\t\t\t\tjanvier 16, 2026\t\t\t\t\t<\/span>\n\t\t\t\t\t\t\t\t\t<\/a>\n\t\t\t\t<\/li>\n\t\t\t\t<li class=\"elementor-icon-list-item elementor-repeater-item-6a9aa2b elementor-inline-item\">\n\t\t\t\t\t\t\t\t\t\t<span class=\"elementor-icon-list-icon\">\n\t\t\t\t\t\t\t\t<i aria-hidden=\"true\" class=\"far fa-clock\"><\/i>\t\t\t\t\t\t\t<\/span>\n\t\t\t\t\t\t\t\t\t<span class=\"elementor-icon-list-text elementor-post-info__item elementor-post-info__item--type-time\">\n\t\t\t\t\t\t\t\t\t\t11:38 am\t\t\t\t\t<\/span>\n\t\t\t\t\t\t\t\t<\/li>\n\t\t\t\t<li class=\"elementor-icon-list-item elementor-repeater-item-d6231fb elementor-inline-item\" itemprop=\"commentCount\">\n\t\t\t\t\t\t<a href=\"https:\/\/ccec-sa.com\/index.php\/2026\/01\/16\/participation-de-la-ccec-sa-au-forum-national-de-la-jeunesse-2026\/#respond\">\n\t\t\t\t\t\t\t\t\t\t\t<span class=\"elementor-icon-list-icon\">\n\t\t\t\t\t\t\t\t<i aria-hidden=\"true\" class=\"far fa-comment-dots\"><\/i>\t\t\t\t\t\t\t<\/span>\n\t\t\t\t\t\t\t\t\t<span class=\"elementor-icon-list-text elementor-post-info__item elementor-post-info__item--type-comments\">\n\t\t\t\t\t\t\t\t\t\tPas de comentaires\t\t\t\t\t<\/span>\n\t\t\t\t\t\t\t\t\t<\/a>\n\t\t\t\t<\/li>\n\t\t\t\t<\/ul>\n\t\t\t\t<\/div>\n\t\t\t\t<\/div>\n\t\t\t\t<div class=\"elementor-element elementor-element-131b75e3 exad-sticky-section-no exad-glass-effect-no elementor-widget elementor-widget-spacer\" data-id=\"131b75e3\" data-element_type=\"widget\" data-settings=\"{&quot;ekit_we_effect_on&quot;:&quot;none&quot;}\" data-widget_type=\"spacer.default\">\n\t\t\t\t<div class=\"elementor-widget-container\">\n\t\t\t<style>\/*! elementor - v3.8.0 - 30-10-2022 *\/\n.elementor-column .elementor-spacer-inner{height:var(--spacer-size)}.e-con{--container-widget-width:100%}.e-con-inner>.elementor-widget-spacer,.e-con>.elementor-widget-spacer{width:var(--container-widget-width,var(--spacer-size));-ms-flex-item-align:stretch;align-self:stretch;-ms-flex-negative:0;flex-shrink:0}.e-con-inner>.elementor-widget-spacer>.elementor-widget-container,.e-con-inner>.elementor-widget-spacer>.elementor-widget-container>.elementor-spacer,.e-con>.elementor-widget-spacer>.elementor-widget-container,.e-con>.elementor-widget-spacer>.elementor-widget-container>.elementor-spacer{height:100%}.e-con-inner>.elementor-widget-spacer>.elementor-widget-container>.elementor-spacer>.elementor-spacer-inner,.e-con>.elementor-widget-spacer>.elementor-widget-container>.elementor-spacer>.elementor-spacer-inner{height:var(--container-widget-height,var(--spacer-size))}<\/style>\t\t<div class=\"elementor-spacer\">\n\t\t\t<div class=\"elementor-spacer-inner\"><\/div>\n\t\t<\/div>\n\t\t\t\t<\/div>\n\t\t\t\t<\/div>\n\t\t\t\t<div class=\"elementor-element elementor-element-4eb551f1 elementor-shape-circle elementor-widget__width-auto elementor-grid-0 e-grid-align-center exad-sticky-section-no exad-glass-effect-no elementor-widget elementor-widget-social-icons\" data-id=\"4eb551f1\" data-element_type=\"widget\" data-settings=\"{&quot;ekit_we_effect_on&quot;:&quot;none&quot;}\" data-widget_type=\"social-icons.default\">\n\t\t\t\t<div class=\"elementor-widget-container\">\n\t\t\t<style>\/*! elementor - v3.8.0 - 30-10-2022 *\/\n.elementor-widget-social-icons.elementor-grid-0 .elementor-widget-container,.elementor-widget-social-icons.elementor-grid-mobile-0 .elementor-widget-container,.elementor-widget-social-icons.elementor-grid-tablet-0 .elementor-widget-container{line-height:1;font-size:0}.elementor-widget-social-icons:not(.elementor-grid-0):not(.elementor-grid-tablet-0):not(.elementor-grid-mobile-0) .elementor-grid{display:inline-grid}.elementor-widget-social-icons .elementor-grid{grid-column-gap:var(--grid-column-gap,5px);grid-row-gap:var(--grid-row-gap,5px);grid-template-columns:var(--grid-template-columns);-webkit-box-pack:var(--justify-content,center);-ms-flex-pack:var(--justify-content,center);justify-content:var(--justify-content,center);justify-items:var(--justify-content,center)}.elementor-icon.elementor-social-icon{font-size:var(--icon-size,25px);line-height:var(--icon-size,25px);width:calc(var(--icon-size, 25px) + (2 * var(--icon-padding, .5em)));height:calc(var(--icon-size, 25px) + (2 * var(--icon-padding, .5em)))}.elementor-social-icon{--e-social-icon-icon-color:#fff;display:-webkit-inline-box;display:-ms-inline-flexbox;display:inline-flex;background-color:#818a91;-webkit-box-align:center;-ms-flex-align:center;align-items:center;-webkit-box-pack:center;-ms-flex-pack:center;justify-content:center;text-align:center;cursor:pointer}.elementor-social-icon i{color:var(--e-social-icon-icon-color)}.elementor-social-icon svg{fill:var(--e-social-icon-icon-color)}.elementor-social-icon:last-child{margin:0}.elementor-social-icon:hover{opacity:.9;color:#fff}.elementor-social-icon-android{background-color:#a4c639}.elementor-social-icon-apple{background-color:#999}.elementor-social-icon-behance{background-color:#1769ff}.elementor-social-icon-bitbucket{background-color:#205081}.elementor-social-icon-codepen{background-color:#000}.elementor-social-icon-delicious{background-color:#39f}.elementor-social-icon-deviantart{background-color:#05cc47}.elementor-social-icon-digg{background-color:#005be2}.elementor-social-icon-dribbble{background-color:#ea4c89}.elementor-social-icon-elementor{background-color:#d30c5c}.elementor-social-icon-envelope{background-color:#ea4335}.elementor-social-icon-facebook,.elementor-social-icon-facebook-f{background-color:#3b5998}.elementor-social-icon-flickr{background-color:#0063dc}.elementor-social-icon-foursquare{background-color:#2d5be3}.elementor-social-icon-free-code-camp,.elementor-social-icon-freecodecamp{background-color:#006400}.elementor-social-icon-github{background-color:#333}.elementor-social-icon-gitlab{background-color:#e24329}.elementor-social-icon-globe{background-color:#818a91}.elementor-social-icon-google-plus,.elementor-social-icon-google-plus-g{background-color:#dd4b39}.elementor-social-icon-houzz{background-color:#7ac142}.elementor-social-icon-instagram{background-color:#262626}.elementor-social-icon-jsfiddle{background-color:#487aa2}.elementor-social-icon-link{background-color:#818a91}.elementor-social-icon-linkedin,.elementor-social-icon-linkedin-in{background-color:#0077b5}.elementor-social-icon-medium{background-color:#00ab6b}.elementor-social-icon-meetup{background-color:#ec1c40}.elementor-social-icon-mixcloud{background-color:#273a4b}.elementor-social-icon-odnoklassniki{background-color:#f4731c}.elementor-social-icon-pinterest{background-color:#bd081c}.elementor-social-icon-product-hunt{background-color:#da552f}.elementor-social-icon-reddit{background-color:#ff4500}.elementor-social-icon-rss{background-color:#f26522}.elementor-social-icon-shopping-cart{background-color:#4caf50}.elementor-social-icon-skype{background-color:#00aff0}.elementor-social-icon-slideshare{background-color:#0077b5}.elementor-social-icon-snapchat{background-color:#fffc00}.elementor-social-icon-soundcloud{background-color:#f80}.elementor-social-icon-spotify{background-color:#2ebd59}.elementor-social-icon-stack-overflow{background-color:#fe7a15}.elementor-social-icon-steam{background-color:#00adee}.elementor-social-icon-stumbleupon{background-color:#eb4924}.elementor-social-icon-telegram{background-color:#2ca5e0}.elementor-social-icon-thumb-tack{background-color:#1aa1d8}.elementor-social-icon-tripadvisor{background-color:#589442}.elementor-social-icon-tumblr{background-color:#35465c}.elementor-social-icon-twitch{background-color:#6441a5}.elementor-social-icon-twitter{background-color:#1da1f2}.elementor-social-icon-viber{background-color:#665cac}.elementor-social-icon-vimeo{background-color:#1ab7ea}.elementor-social-icon-vk{background-color:#45668e}.elementor-social-icon-weibo{background-color:#dd2430}.elementor-social-icon-weixin{background-color:#31a918}.elementor-social-icon-whatsapp{background-color:#25d366}.elementor-social-icon-wordpress{background-color:#21759b}.elementor-social-icon-xing{background-color:#026466}.elementor-social-icon-yelp{background-color:#af0606}.elementor-social-icon-youtube{background-color:#cd201f}.elementor-social-icon-500px{background-color:#0099e5}.elementor-shape-rounded .elementor-icon.elementor-social-icon{border-radius:10%}.elementor-shape-circle .elementor-icon.elementor-social-icon{border-radius:50%}<\/style>\t\t<div class=\"elementor-social-icons-wrapper elementor-grid\">\n\t\t\t\t\t\t\t<span class=\"elementor-grid-item\">\n\t\t\t\t\t<a class=\"elementor-icon elementor-social-icon elementor-social-icon-facebook-f elementor-repeater-item-5d329f3\" target=\"_blank\">\n\t\t\t\t\t\t<span class=\"elementor-screen-only\">Facebook-f<\/span>\n\t\t\t\t\t\t<i class=\"fab fa-facebook-f\"><\/i>\t\t\t\t\t<\/a>\n\t\t\t\t<\/span>\n\t\t\t\t\t\t\t<span class=\"elementor-grid-item\">\n\t\t\t\t\t<a class=\"elementor-icon elementor-social-icon elementor-social-icon-instagram elementor-repeater-item-bb790e2\" target=\"_blank\">\n\t\t\t\t\t\t<span class=\"elementor-screen-only\">Instagram<\/span>\n\t\t\t\t\t\t<i class=\"fab fa-instagram\"><\/i>\t\t\t\t\t<\/a>\n\t\t\t\t<\/span>\n\t\t\t\t\t\t\t<span class=\"elementor-grid-item\">\n\t\t\t\t\t<a class=\"elementor-icon elementor-social-icon elementor-social-icon-pinterest-p elementor-repeater-item-11003de\" target=\"_blank\">\n\t\t\t\t\t\t<span class=\"elementor-screen-only\">Pinterest-p<\/span>\n\t\t\t\t\t\t<i class=\"fab fa-pinterest-p\"><\/i>\t\t\t\t\t<\/a>\n\t\t\t\t<\/span>\n\t\t\t\t\t<\/div>\n\t\t\t\t<\/div>\n\t\t\t\t<\/div>\n\t\t\t\t\t<\/div>\n\t\t<\/div>\n\t\t\t\t<div class=\"elementor-column elementor-col-50 elementor-inner-column elementor-element elementor-element-3e710b60 exad-glass-effect-no exad-sticky-section-no\" data-id=\"3e710b60\" data-element_type=\"column\">\n\t\t\t<div class=\"elementor-widget-wrap elementor-element-populated\">\n\t\t\t\t\t\t\t\t<div class=\"elementor-element elementor-element-15ed5fb3 exad-sticky-section-no exad-glass-effect-no elementor-widget elementor-widget-heading\" data-id=\"15ed5fb3\" data-element_type=\"widget\" data-settings=\"{&quot;ekit_we_effect_on&quot;:&quot;none&quot;}\" data-widget_type=\"heading.default\">\n\t\t\t\t<div class=\"elementor-widget-container\">\n\t\t\t<h2 class=\"elementor-heading-title elementor-size-default\">Articles r\u00e9cents<\/h2>\t\t<\/div>\n\t\t\t\t<\/div>\n\t\t\t\t<div class=\"elementor-element elementor-element-235f4165 elementor-grid-1 elementor-grid-tablet-1 elementor-posts--thumbnail-left elementor-grid-mobile-1 exad-sticky-section-no exad-glass-effect-no elementor-widget elementor-widget-posts\" data-id=\"235f4165\" data-element_type=\"widget\" data-settings=\"{&quot;classic_columns&quot;:&quot;1&quot;,&quot;classic_columns_tablet&quot;:&quot;1&quot;,&quot;classic_row_gap&quot;:{&quot;unit&quot;:&quot;px&quot;,&quot;size&quot;:5,&quot;sizes&quot;:[]},&quot;classic_columns_mobile&quot;:&quot;1&quot;,&quot;classic_row_gap_tablet&quot;:{&quot;unit&quot;:&quot;px&quot;,&quot;size&quot;:&quot;&quot;,&quot;sizes&quot;:[]},&quot;classic_row_gap_mobile&quot;:{&quot;unit&quot;:&quot;px&quot;,&quot;size&quot;:&quot;&quot;,&quot;sizes&quot;:[]},&quot;ekit_we_effect_on&quot;:&quot;none&quot;}\" data-widget_type=\"posts.classic\">\n\t\t\t\t<div class=\"elementor-widget-container\">\n\t\t\t<link rel=\"stylesheet\" href=\"https:\/\/ccec-sa.com\/wp-content\/plugins\/elementor-pro\/assets\/css\/widget-posts.min.css\">\t\t<div class=\"elementor-posts-container elementor-posts elementor-posts--skin-classic elementor-grid\">\n\t\t\t\t<article class=\"elementor-post elementor-grid-item post-1737 post type-post status-publish format-standard has-post-thumbnail hentry category-activites\">\n\t\t\t\t<a class=\"elementor-post__thumbnail__link\" href=\"https:\/\/ccec-sa.com\/index.php\/2026\/03\/21\/ccec-sa-une-campagne-reussie-pour-le-lancement-de-la-collecte-journaliere-cash-pick-a-ebolowa\/\" >\n\t\t\t<div class=\"elementor-post__thumbnail\"><img loading=\"lazy\" decoding=\"async\" width=\"1080\" height=\"608\" src=\"https:\/\/ccec-sa.com\/wp-content\/uploads\/2026\/03\/CCEC-SA-Une-campagne-reussie-pour-le-lancement-de-la-collecte-journaliere-CASH-PICK-a-Ebolowa-23.jpeg\" class=\"attachment-full size-full\" alt=\"\" srcset=\"https:\/\/ccec-sa.com\/wp-content\/uploads\/2026\/03\/CCEC-SA-Une-campagne-reussie-pour-le-lancement-de-la-collecte-journaliere-CASH-PICK-a-Ebolowa-23.jpeg 1080w, https:\/\/ccec-sa.com\/wp-content\/uploads\/2026\/03\/CCEC-SA-Une-campagne-reussie-pour-le-lancement-de-la-collecte-journaliere-CASH-PICK-a-Ebolowa-23-300x169.jpeg 300w, https:\/\/ccec-sa.com\/wp-content\/uploads\/2026\/03\/CCEC-SA-Une-campagne-reussie-pour-le-lancement-de-la-collecte-journaliere-CASH-PICK-a-Ebolowa-23-1024x576.jpeg 1024w, https:\/\/ccec-sa.com\/wp-content\/uploads\/2026\/03\/CCEC-SA-Une-campagne-reussie-pour-le-lancement-de-la-collecte-journaliere-CASH-PICK-a-Ebolowa-23-768x432.jpeg 768w\" \/><\/div>\n\t\t<\/a>\n\t\t\t\t<div class=\"elementor-post__text\">\n\t\t\t\t<h3 class=\"elementor-post__title\">\n\t\t\t<a href=\"https:\/\/ccec-sa.com\/index.php\/2026\/03\/21\/ccec-sa-une-campagne-reussie-pour-le-lancement-de-la-collecte-journaliere-cash-pick-a-ebolowa\/\" >\n\t\t\t\tCCEC-SA : Une campagne r\u00e9ussie pour le lancement de la collecte journali\u00e8re CASH-PICK \u00e0 Ebolowa\t\t\t<\/a>\n\t\t<\/h3>\n\t\t\t\t<div class=\"elementor-post__meta-data\">\n\t\t\t\t\t<span class=\"elementor-post-date\">\n\t\t\tmars 21, 2026\t\t<\/span>\n\t\t\t\t<\/div>\n\t\t\t\t<\/div>\n\t\t\t\t<\/article>\n\t\t\t\t<article class=\"elementor-post elementor-grid-item post-1600 post type-post status-publish format-standard has-post-thumbnail hentry category-activites\">\n\t\t\t\t<a class=\"elementor-post__thumbnail__link\" href=\"https:\/\/ccec-sa.com\/index.php\/2026\/02\/11\/participation-de-la-ccec-sa-au-forum-national-de-la-jeunesse-2026-2\/\" >\n\t\t\t<div class=\"elementor-post__thumbnail\"><img loading=\"lazy\" decoding=\"async\" width=\"1280\" height=\"686\" src=\"https:\/\/ccec-sa.com\/wp-content\/uploads\/2026\/03\/Participation-de-la-CCEC-SA-a-la-60eme-edition-de-la-Fete-Nationale-de-la-Jeunesse-1.jpeg\" class=\"attachment-full size-full\" alt=\"\" srcset=\"https:\/\/ccec-sa.com\/wp-content\/uploads\/2026\/03\/Participation-de-la-CCEC-SA-a-la-60eme-edition-de-la-Fete-Nationale-de-la-Jeunesse-1.jpeg 1280w, https:\/\/ccec-sa.com\/wp-content\/uploads\/2026\/03\/Participation-de-la-CCEC-SA-a-la-60eme-edition-de-la-Fete-Nationale-de-la-Jeunesse-1-300x161.jpeg 300w, https:\/\/ccec-sa.com\/wp-content\/uploads\/2026\/03\/Participation-de-la-CCEC-SA-a-la-60eme-edition-de-la-Fete-Nationale-de-la-Jeunesse-1-1024x549.jpeg 1024w, https:\/\/ccec-sa.com\/wp-content\/uploads\/2026\/03\/Participation-de-la-CCEC-SA-a-la-60eme-edition-de-la-Fete-Nationale-de-la-Jeunesse-1-768x412.jpeg 768w\" \/><\/div>\n\t\t<\/a>\n\t\t\t\t<div class=\"elementor-post__text\">\n\t\t\t\t<h3 class=\"elementor-post__title\">\n\t\t\t<a href=\"https:\/\/ccec-sa.com\/index.php\/2026\/02\/11\/participation-de-la-ccec-sa-au-forum-national-de-la-jeunesse-2026-2\/\" >\n\t\t\t\tParticipation de la CCEC-SA \u00e0 la 60\u00e8me \u00e9dition de la F\u00eate Nationale de la Jeunesse\t\t\t<\/a>\n\t\t<\/h3>\n\t\t\t\t<div class=\"elementor-post__meta-data\">\n\t\t\t\t\t<span class=\"elementor-post-date\">\n\t\t\tf\u00e9vrier 11, 2026\t\t<\/span>\n\t\t\t\t<\/div>\n\t\t\t\t<\/div>\n\t\t\t\t<\/article>\n\t\t\t\t<article class=\"elementor-post elementor-grid-item post-1582 post type-post status-publish format-standard has-post-thumbnail hentry category-activites\">\n\t\t\t\t<a class=\"elementor-post__thumbnail__link\" href=\"https:\/\/ccec-sa.com\/index.php\/2026\/01\/16\/participation-de-la-ccec-sa-au-forum-national-de-la-jeunesse-2026\/\" >\n\t\t\t<div class=\"elementor-post__thumbnail\"><img loading=\"lazy\" decoding=\"async\" width=\"1187\" height=\"678\" src=\"https:\/\/ccec-sa.com\/wp-content\/uploads\/2026\/03\/Participation-de-la-CCEC-SA-au-Forum-National-de-la-Jeunesse-2026-2.jpeg\" class=\"attachment-full size-full\" alt=\"\" srcset=\"https:\/\/ccec-sa.com\/wp-content\/uploads\/2026\/03\/Participation-de-la-CCEC-SA-au-Forum-National-de-la-Jeunesse-2026-2.jpeg 1187w, https:\/\/ccec-sa.com\/wp-content\/uploads\/2026\/03\/Participation-de-la-CCEC-SA-au-Forum-National-de-la-Jeunesse-2026-2-300x171.jpeg 300w, https:\/\/ccec-sa.com\/wp-content\/uploads\/2026\/03\/Participation-de-la-CCEC-SA-au-Forum-National-de-la-Jeunesse-2026-2-1024x585.jpeg 1024w, https:\/\/ccec-sa.com\/wp-content\/uploads\/2026\/03\/Participation-de-la-CCEC-SA-au-Forum-National-de-la-Jeunesse-2026-2-768x439.jpeg 768w\" \/><\/div>\n\t\t<\/a>\n\t\t\t\t<div class=\"elementor-post__text\">\n\t\t\t\t<h3 class=\"elementor-post__title\">\n\t\t\t<a href=\"https:\/\/ccec-sa.com\/index.php\/2026\/01\/16\/participation-de-la-ccec-sa-au-forum-national-de-la-jeunesse-2026\/\" >\n\t\t\t\tParticipation de la CCEC-SA au Forum National de la Jeunesse 2026\t\t\t<\/a>\n\t\t<\/h3>\n\t\t\t\t<div class=\"elementor-post__meta-data\">\n\t\t\t\t\t<span class=\"elementor-post-date\">\n\t\t\tjanvier 16, 2026\t\t<\/span>\n\t\t\t\t<\/div>\n\t\t\t\t<\/div>\n\t\t\t\t<\/article>\n\t\t\t\t<\/div>\n\t\t\n\t\t\t\t<\/div>\n\t\t\t\t<\/div>\n\t\t\t\t\t<\/div>\n\t\t<\/div>\n\t\t\t\t\t\t\t<\/div>\n\t\t<\/section>\n\t\t\t\t\t<\/div>\n\t\t<\/div>\n\t\t\t\t\t\t\t<\/div>\n\t\t<\/section>\n\t\t\t\t\t\t\t<\/div>\n\t\t","protected":false},"excerpt":{"rendered":"<p>Actualit\u00e9s Du 14 au 16 janvier 2026, la Caisse Camerounaise d\u2019Epargne et de Cr\u00e9dit SA (CCEC-SA) a pris part au Forum National de la Jeunesse, tenu au Palais des Congr\u00e8s de Yaound\u00e9. Organis\u00e9 dans le cadre de la mise en \u0153uvre des Tr\u00e8s Hautes Prescriptions de Paul Biya, Pr\u00e9sident de la R\u00e9publique du Cameroun, ce forum s\u2019inscrit dans la dynamique du septennat des \u00ab Grandes Esp\u00e9rances \u00bb, visant \u00e0 promouvoir un d\u00e9veloppement national inclusif, stable et prosp\u00e8re. Plac\u00e9e sous la coordination du Minist\u00e8re de la Jeunesse et de l\u2019\u00c9ducation Civique du Cameroun (MINJEC), cette rencontre de haut niveau s\u2019est d\u00e9roul\u00e9e sous le th\u00e8me :\u00ab Jeunesse camerounaise : un capital humain aux valeurs morales, civiques et entrepreneuriales fortes, au c\u0153ur du septennat des Grandes Esp\u00e9rances pour un Cameroun uni, stable et prosp\u00e8re \u00bb. Pr\u00e9c\u00e9dent Suivant Un cadre de r\u00e9flexion strat\u00e9gique pour l\u2019avenir de la jeunesse \u00a0 Le Forum National de la Jeunesse constitue une plateforme d\u2019\u00e9changes visant \u00e0 renforcer la prise en compte des aspirations des jeunes dans l\u2019\u00e9laboration et la mise en \u0153uvre des politiques publiques. \u00a0 Les travaux ont port\u00e9 sur plusieurs axes prioritaires, notamment : \u2022L\u2019\u00e9ducation et la formation professionnelle ; \u2022Le d\u00e9veloppement des comp\u00e9tences et l\u2019employabilit\u00e9 ; \u2022L\u2019entrepreneuriat et l\u2019innovation ; \u2022La participation citoyenne et le leadership des jeunes ; \u2022La promotion de la coh\u00e9sion sociale, de la paix et de la s\u00e9curit\u00e9 ; \u2022Le bien-\u00eatre int\u00e9gral de la jeunesse camerounaise. \u00a0 Cette initiative s\u2019inscrit \u00e9galement dans la dynamique de mise en \u0153uvre de la Politique Nationale de la Jeunesse, du Plan Jeunesse, ainsi que du Plan Sp\u00e9cial de Promotion de l\u2019Emploi des Jeunes. \u00a0 L\u2019engagement institutionnel de la CCEC-SA \u00a0 La participation de la CCEC-SA \u00e0 ce forum traduit son positionnement en tant qu\u2019acteur financier engag\u00e9 dans l\u2019accompagnement socio\u00e9conomique de la jeunesse camerounaise. \u00a0 \u00c0 travers cette plateforme d\u2019\u00e9changes, la CCEC-SA a r\u00e9affirm\u00e9 sa volont\u00e9 de contribuer \u00e0 : \u2022La promotion de l\u2019inclusion financi\u00e8re des jeunes ; \u2022L\u2019accompagnement des projets entrepreneuriaux port\u00e9s par les jeunes ; \u2022Le renforcement de la culture d\u2019\u00e9pargne et de gestion financi\u00e8re responsable ; \u2022La facilitation de l\u2019acc\u00e8s aux services bancaires modernes. \u00a0 En tant qu\u2019institution financi\u00e8re responsable, la CCEC-SA demeure mobilis\u00e9e pour soutenir les initiatives favorisant l\u2019\u00e9mergence d\u2019une jeunesse comp\u00e9tente, entreprenante et r\u00e9siliente. \u00a0 Une contribution \u00e0 la vision nationale de d\u00e9veloppement \u00a0 La participation de la CCEC-SA \u00e0 ce forum s\u2019inscrit dans une d\u00e9marche strat\u00e9gique visant \u00e0 soutenir la transformation socio\u00e9conomique du Cameroun \u00e0 travers l\u2019autonomisation financi\u00e8re et professionnelle des jeunes. \u00a0 Investir dans la jeunesse aujourd\u2019hui, c\u2019est b\u00e2tir le Cameroun de demain. Facebook-f Instagram Pinterest-p Articles r\u00e9cents<\/p>\n","protected":false},"author":6,"featured_media":1584,"comment_status":"open","ping_status":"open","sticky":false,"template":"","format":"standard","meta":{"footnotes":""},"categories":[11],"tags":[],"class_list":["post-1582","post","type-post","status-publish","format-standard","has-post-thumbnail","hentry","category-activites"],"yoast_head":"<!-- This site is optimized with the Yoast SEO Premium plugin v23.8 (Yoast SEO v23.8) - https:\/\/yoast.com\/wordpress\/plugins\/seo\/ -->\n<title>Participation de la CCEC-SA au Forum National de la Jeunesse 2026 - CCEC SA<\/title>\n<meta name=\"robots\" content=\"index, follow, max-snippet:-1, max-image-preview:large, max-video-preview:-1\" \/>\n<link rel=\"canonical\" href=\"https:\/\/ccec-sa.com\/index.php\/2026\/01\/16\/participation-de-la-ccec-sa-au-forum-national-de-la-jeunesse-2026\/\" \/>\n<meta property=\"og:locale\" content=\"fr_FR\" \/>\n<meta property=\"og:type\" content=\"article\" \/>\n<meta property=\"og:title\" content=\"Participation de la CCEC-SA au Forum National de la Jeunesse 2026\" \/>\n<meta property=\"og:description\" content=\"Actualit\u00e9s Du 14 au 16 janvier 2026, la Caisse Camerounaise d\u2019Epargne et de Cr\u00e9dit SA (CCEC-SA) a pris part au Forum National de la Jeunesse, tenu au Palais des Congr\u00e8s de Yaound\u00e9. Organis\u00e9 dans le cadre de la mise en \u0153uvre des Tr\u00e8s Hautes Prescriptions de Paul Biya, Pr\u00e9sident de la R\u00e9publique du Cameroun, ce forum s\u2019inscrit dans la dynamique du septennat des \u00ab Grandes Esp\u00e9rances \u00bb, visant \u00e0 promouvoir un d\u00e9veloppement national inclusif, stable et prosp\u00e8re. Plac\u00e9e sous la coordination du Minist\u00e8re de la Jeunesse et de l\u2019\u00c9ducation Civique du Cameroun (MINJEC), cette rencontre de haut niveau s\u2019est d\u00e9roul\u00e9e sous le th\u00e8me :\u00ab Jeunesse camerounaise : un capital humain aux valeurs morales, civiques et entrepreneuriales fortes, au c\u0153ur du septennat des Grandes Esp\u00e9rances pour un Cameroun uni, stable et prosp\u00e8re \u00bb. Pr\u00e9c\u00e9dent Suivant Un cadre de r\u00e9flexion strat\u00e9gique pour l\u2019avenir de la jeunesse \u00a0 Le Forum National de la Jeunesse constitue une plateforme d\u2019\u00e9changes visant \u00e0 renforcer la prise en compte des aspirations des jeunes dans l\u2019\u00e9laboration et la mise en \u0153uvre des politiques publiques. \u00a0 Les travaux ont port\u00e9 sur plusieurs axes prioritaires, notamment : \u2022L\u2019\u00e9ducation et la formation professionnelle ; \u2022Le d\u00e9veloppement des comp\u00e9tences et l\u2019employabilit\u00e9 ; \u2022L\u2019entrepreneuriat et l\u2019innovation ; \u2022La participation citoyenne et le leadership des jeunes ; \u2022La promotion de la coh\u00e9sion sociale, de la paix et de la s\u00e9curit\u00e9 ; \u2022Le bien-\u00eatre int\u00e9gral de la jeunesse camerounaise. \u00a0 Cette initiative s\u2019inscrit \u00e9galement dans la dynamique de mise en \u0153uvre de la Politique Nationale de la Jeunesse, du Plan Jeunesse, ainsi que du Plan Sp\u00e9cial de Promotion de l\u2019Emploi des Jeunes. \u00a0 L\u2019engagement institutionnel de la CCEC-SA \u00a0 La participation de la CCEC-SA \u00e0 ce forum traduit son positionnement en tant qu\u2019acteur financier engag\u00e9 dans l\u2019accompagnement socio\u00e9conomique de la jeunesse camerounaise. \u00a0 \u00c0 travers cette plateforme d\u2019\u00e9changes, la CCEC-SA a r\u00e9affirm\u00e9 sa volont\u00e9 de contribuer \u00e0 : \u2022La promotion de l\u2019inclusion financi\u00e8re des jeunes ; \u2022L\u2019accompagnement des projets entrepreneuriaux port\u00e9s par les jeunes ; \u2022Le renforcement de la culture d\u2019\u00e9pargne et de gestion financi\u00e8re responsable ; \u2022La facilitation de l\u2019acc\u00e8s aux services bancaires modernes. \u00a0 En tant qu\u2019institution financi\u00e8re responsable, la CCEC-SA demeure mobilis\u00e9e pour soutenir les initiatives favorisant l\u2019\u00e9mergence d\u2019une jeunesse comp\u00e9tente, entreprenante et r\u00e9siliente. \u00a0 Une contribution \u00e0 la vision nationale de d\u00e9veloppement \u00a0 La participation de la CCEC-SA \u00e0 ce forum s\u2019inscrit dans une d\u00e9marche strat\u00e9gique visant \u00e0 soutenir la transformation socio\u00e9conomique du Cameroun \u00e0 travers l\u2019autonomisation financi\u00e8re et professionnelle des jeunes. \u00a0 Investir dans la jeunesse aujourd\u2019hui, c\u2019est b\u00e2tir le Cameroun de demain. Facebook-f Instagram Pinterest-p Articles r\u00e9cents\" \/>\n<meta property=\"og:url\" content=\"https:\/\/ccec-sa.com\/index.php\/2026\/01\/16\/participation-de-la-ccec-sa-au-forum-national-de-la-jeunesse-2026\/\" \/>\n<meta property=\"og:site_name\" content=\"CCEC SA\" \/>\n<meta property=\"article:publisher\" content=\"https:\/\/web.facebook.com\/profile.php?id=100064025110788&amp;mibextid=LQQJ4d&amp;_rdc=1&amp;_rdr\" \/>\n<meta property=\"article:published_time\" content=\"2026-01-16T11:38:00+00:00\" \/>\n<meta property=\"article:modified_time\" content=\"2026-03-18T12:37:18+00:00\" \/>\n<meta property=\"og:image\" content=\"http:\/\/ccec-sa.com\/wp-content\/uploads\/2026\/03\/Participation-de-la-CCEC-SA-au-Forum-National-de-la-Jeunesse-2026-2.jpeg\" \/>\n\t<meta property=\"og:image:width\" content=\"1187\" \/>\n\t<meta property=\"og:image:height\" content=\"678\" \/>\n\t<meta property=\"og:image:type\" content=\"image\/jpeg\" \/>\n<meta name=\"author\" content=\"Patrice Kamwa\" \/>\n<meta name=\"twitter:card\" content=\"summary_large_image\" \/>\n<meta name=\"twitter:creator\" content=\"@ccec_sa\" \/>\n<meta name=\"twitter:site\" content=\"@ccec_sa\" \/>\n<meta name=\"twitter:label1\" content=\"\u00c9crit par\" \/>\n\t<meta name=\"twitter:data1\" content=\"Patrice Kamwa\" \/>\n\t<meta name=\"twitter:label2\" content=\"Dur\u00e9e de lecture estim\u00e9e\" \/>\n\t<meta name=\"twitter:data2\" content=\"6 minutes\" \/>\n<script type=\"application\/ld+json\" class=\"yoast-schema-graph\">{\"@context\":\"https:\/\/schema.org\",\"@graph\":[{\"@type\":\"Article\",\"@id\":\"https:\/\/ccec-sa.com\/index.php\/2026\/01\/16\/participation-de-la-ccec-sa-au-forum-national-de-la-jeunesse-2026\/#article\",\"isPartOf\":{\"@id\":\"https:\/\/ccec-sa.com\/index.php\/2026\/01\/16\/participation-de-la-ccec-sa-au-forum-national-de-la-jeunesse-2026\/\"},\"author\":{\"name\":\"Patrice Kamwa\",\"@id\":\"https:\/\/ccec-sa.com\/#\/schema\/person\/fb9228c27f09f1d948915c0fac325ee6\"},\"headline\":\"Participation de la CCEC-SA au Forum National de la Jeunesse 2026\",\"datePublished\":\"2026-01-16T11:38:00+00:00\",\"dateModified\":\"2026-03-18T12:37:18+00:00\",\"mainEntityOfPage\":{\"@id\":\"https:\/\/ccec-sa.com\/index.php\/2026\/01\/16\/participation-de-la-ccec-sa-au-forum-national-de-la-jeunesse-2026\/\"},\"wordCount\":474,\"commentCount\":0,\"publisher\":{\"@id\":\"https:\/\/ccec-sa.com\/#organization\"},\"image\":{\"@id\":\"https:\/\/ccec-sa.com\/index.php\/2026\/01\/16\/participation-de-la-ccec-sa-au-forum-national-de-la-jeunesse-2026\/#primaryimage\"},\"thumbnailUrl\":\"https:\/\/ccec-sa.com\/wp-content\/uploads\/2026\/03\/Participation-de-la-CCEC-SA-au-Forum-National-de-la-Jeunesse-2026-2.jpeg\",\"articleSection\":[\"Activit\u00e9s\"],\"inLanguage\":\"fr-FR\",\"potentialAction\":[{\"@type\":\"CommentAction\",\"name\":\"Comment\",\"target\":[\"https:\/\/ccec-sa.com\/index.php\/2026\/01\/16\/participation-de-la-ccec-sa-au-forum-national-de-la-jeunesse-2026\/#respond\"]}]},{\"@type\":\"WebPage\",\"@id\":\"https:\/\/ccec-sa.com\/index.php\/2026\/01\/16\/participation-de-la-ccec-sa-au-forum-national-de-la-jeunesse-2026\/\",\"url\":\"https:\/\/ccec-sa.com\/index.php\/2026\/01\/16\/participation-de-la-ccec-sa-au-forum-national-de-la-jeunesse-2026\/\",\"name\":\"Participation de la CCEC-SA au Forum National de la Jeunesse 2026 - CCEC SA\",\"isPartOf\":{\"@id\":\"https:\/\/ccec-sa.com\/#website\"},\"primaryImageOfPage\":{\"@id\":\"https:\/\/ccec-sa.com\/index.php\/2026\/01\/16\/participation-de-la-ccec-sa-au-forum-national-de-la-jeunesse-2026\/#primaryimage\"},\"image\":{\"@id\":\"https:\/\/ccec-sa.com\/index.php\/2026\/01\/16\/participation-de-la-ccec-sa-au-forum-national-de-la-jeunesse-2026\/#primaryimage\"},\"thumbnailUrl\":\"https:\/\/ccec-sa.com\/wp-content\/uploads\/2026\/03\/Participation-de-la-CCEC-SA-au-Forum-National-de-la-Jeunesse-2026-2.jpeg\",\"datePublished\":\"2026-01-16T11:38:00+00:00\",\"dateModified\":\"2026-03-18T12:37:18+00:00\",\"breadcrumb\":{\"@id\":\"https:\/\/ccec-sa.com\/index.php\/2026\/01\/16\/participation-de-la-ccec-sa-au-forum-national-de-la-jeunesse-2026\/#breadcrumb\"},\"inLanguage\":\"fr-FR\",\"potentialAction\":[{\"@type\":\"ReadAction\",\"target\":[\"https:\/\/ccec-sa.com\/index.php\/2026\/01\/16\/participation-de-la-ccec-sa-au-forum-national-de-la-jeunesse-2026\/\"]}]},{\"@type\":\"ImageObject\",\"inLanguage\":\"fr-FR\",\"@id\":\"https:\/\/ccec-sa.com\/index.php\/2026\/01\/16\/participation-de-la-ccec-sa-au-forum-national-de-la-jeunesse-2026\/#primaryimage\",\"url\":\"https:\/\/ccec-sa.com\/wp-content\/uploads\/2026\/03\/Participation-de-la-CCEC-SA-au-Forum-National-de-la-Jeunesse-2026-2.jpeg\",\"contentUrl\":\"https:\/\/ccec-sa.com\/wp-content\/uploads\/2026\/03\/Participation-de-la-CCEC-SA-au-Forum-National-de-la-Jeunesse-2026-2.jpeg\",\"width\":1187,\"height\":678},{\"@type\":\"BreadcrumbList\",\"@id\":\"https:\/\/ccec-sa.com\/index.php\/2026\/01\/16\/participation-de-la-ccec-sa-au-forum-national-de-la-jeunesse-2026\/#breadcrumb\",\"itemListElement\":[{\"@type\":\"ListItem\",\"position\":1,\"name\":\"Accueil\",\"item\":\"https:\/\/ccec-sa.com\/\"},{\"@type\":\"ListItem\",\"position\":2,\"name\":\"Participation de la CCEC-SA au Forum National de la Jeunesse 2026\"}]},{\"@type\":\"WebSite\",\"@id\":\"https:\/\/ccec-sa.com\/#website\",\"url\":\"https:\/\/ccec-sa.com\/\",\"name\":\"CCEC SA\",\"description\":\"La microfinance qui vous accompagne\",\"publisher\":{\"@id\":\"https:\/\/ccec-sa.com\/#organization\"},\"potentialAction\":[{\"@type\":\"SearchAction\",\"target\":{\"@type\":\"EntryPoint\",\"urlTemplate\":\"https:\/\/ccec-sa.com\/?s={search_term_string}\"},\"query-input\":{\"@type\":\"PropertyValueSpecification\",\"valueRequired\":true,\"valueName\":\"search_term_string\"}}],\"inLanguage\":\"fr-FR\"},{\"@type\":\"Organization\",\"@id\":\"https:\/\/ccec-sa.com\/#organization\",\"name\":\"CCEC SA\",\"url\":\"https:\/\/ccec-sa.com\/\",\"logo\":{\"@type\":\"ImageObject\",\"inLanguage\":\"fr-FR\",\"@id\":\"https:\/\/ccec-sa.com\/#\/schema\/logo\/image\/\",\"url\":\"http:\/\/ccec-sa.com\/wp-content\/uploads\/2024\/10\/Logo-CCEC.png\",\"contentUrl\":\"http:\/\/ccec-sa.com\/wp-content\/uploads\/2024\/10\/Logo-CCEC.png\",\"width\":561,\"height\":297,\"caption\":\"CCEC SA\"},\"image\":{\"@id\":\"https:\/\/ccec-sa.com\/#\/schema\/logo\/image\/\"},\"sameAs\":[\"https:\/\/web.facebook.com\/profile.php?id=100064025110788&mibextid=LQQJ4d&_rdc=1&_rdr\",\"https:\/\/x.com\/ccec_sa\",\"https:\/\/www.linkedin.com\/company\/ccec-sa\/\",\"https:\/\/www.instagram.com\/ccec.sa\/\"]},{\"@type\":\"Person\",\"@id\":\"https:\/\/ccec-sa.com\/#\/schema\/person\/fb9228c27f09f1d948915c0fac325ee6\",\"name\":\"Patrice Kamwa\",\"image\":{\"@type\":\"ImageObject\",\"inLanguage\":\"fr-FR\",\"@id\":\"https:\/\/ccec-sa.com\/#\/schema\/person\/image\/\",\"url\":\"https:\/\/secure.gravatar.com\/avatar\/1dea0f0f8d1ff2a7b556daa0edf61b1f3ded7f504382ece99b8735c32411b564?s=96&d=mm&r=g\",\"contentUrl\":\"https:\/\/secure.gravatar.com\/avatar\/1dea0f0f8d1ff2a7b556daa0edf61b1f3ded7f504382ece99b8735c32411b564?s=96&d=mm&r=g\",\"caption\":\"Patrice Kamwa\"},\"url\":\"https:\/\/ccec-sa.com\/index.php\/author\/patrice-osbee\/\"}]}<\/script>\n<!-- \/ Yoast SEO Premium plugin. -->","yoast_head_json":{"title":"Participation de la CCEC-SA au Forum National de la Jeunesse 2026 - CCEC SA","robots":{"index":"index","follow":"follow","max-snippet":"max-snippet:-1","max-image-preview":"max-image-preview:large","max-video-preview":"max-video-preview:-1"},"canonical":"https:\/\/ccec-sa.com\/index.php\/2026\/01\/16\/participation-de-la-ccec-sa-au-forum-national-de-la-jeunesse-2026\/","og_locale":"fr_FR","og_type":"article","og_title":"Participation de la CCEC-SA au Forum National de la Jeunesse 2026","og_description":"Actualit\u00e9s Du 14 au 16 janvier 2026, la Caisse Camerounaise d\u2019Epargne et de Cr\u00e9dit SA (CCEC-SA) a pris part au Forum National de la Jeunesse, tenu au Palais des Congr\u00e8s de Yaound\u00e9. Organis\u00e9 dans le cadre de la mise en \u0153uvre des Tr\u00e8s Hautes Prescriptions de Paul Biya, Pr\u00e9sident de la R\u00e9publique du Cameroun, ce forum s\u2019inscrit dans la dynamique du septennat des \u00ab Grandes Esp\u00e9rances \u00bb, visant \u00e0 promouvoir un d\u00e9veloppement national inclusif, stable et prosp\u00e8re. Plac\u00e9e sous la coordination du Minist\u00e8re de la Jeunesse et de l\u2019\u00c9ducation Civique du Cameroun (MINJEC), cette rencontre de haut niveau s\u2019est d\u00e9roul\u00e9e sous le th\u00e8me :\u00ab Jeunesse camerounaise : un capital humain aux valeurs morales, civiques et entrepreneuriales fortes, au c\u0153ur du septennat des Grandes Esp\u00e9rances pour un Cameroun uni, stable et prosp\u00e8re \u00bb. Pr\u00e9c\u00e9dent Suivant Un cadre de r\u00e9flexion strat\u00e9gique pour l\u2019avenir de la jeunesse \u00a0 Le Forum National de la Jeunesse constitue une plateforme d\u2019\u00e9changes visant \u00e0 renforcer la prise en compte des aspirations des jeunes dans l\u2019\u00e9laboration et la mise en \u0153uvre des politiques publiques. \u00a0 Les travaux ont port\u00e9 sur plusieurs axes prioritaires, notamment : \u2022L\u2019\u00e9ducation et la formation professionnelle ; \u2022Le d\u00e9veloppement des comp\u00e9tences et l\u2019employabilit\u00e9 ; \u2022L\u2019entrepreneuriat et l\u2019innovation ; \u2022La participation citoyenne et le leadership des jeunes ; \u2022La promotion de la coh\u00e9sion sociale, de la paix et de la s\u00e9curit\u00e9 ; \u2022Le bien-\u00eatre int\u00e9gral de la jeunesse camerounaise. \u00a0 Cette initiative s\u2019inscrit \u00e9galement dans la dynamique de mise en \u0153uvre de la Politique Nationale de la Jeunesse, du Plan Jeunesse, ainsi que du Plan Sp\u00e9cial de Promotion de l\u2019Emploi des Jeunes. \u00a0 L\u2019engagement institutionnel de la CCEC-SA \u00a0 La participation de la CCEC-SA \u00e0 ce forum traduit son positionnement en tant qu\u2019acteur financier engag\u00e9 dans l\u2019accompagnement socio\u00e9conomique de la jeunesse camerounaise. \u00a0 \u00c0 travers cette plateforme d\u2019\u00e9changes, la CCEC-SA a r\u00e9affirm\u00e9 sa volont\u00e9 de contribuer \u00e0 : \u2022La promotion de l\u2019inclusion financi\u00e8re des jeunes ; \u2022L\u2019accompagnement des projets entrepreneuriaux port\u00e9s par les jeunes ; \u2022Le renforcement de la culture d\u2019\u00e9pargne et de gestion financi\u00e8re responsable ; \u2022La facilitation de l\u2019acc\u00e8s aux services bancaires modernes. \u00a0 En tant qu\u2019institution financi\u00e8re responsable, la CCEC-SA demeure mobilis\u00e9e pour soutenir les initiatives favorisant l\u2019\u00e9mergence d\u2019une jeunesse comp\u00e9tente, entreprenante et r\u00e9siliente. \u00a0 Une contribution \u00e0 la vision nationale de d\u00e9veloppement \u00a0 La participation de la CCEC-SA \u00e0 ce forum s\u2019inscrit dans une d\u00e9marche strat\u00e9gique visant \u00e0 soutenir la transformation socio\u00e9conomique du Cameroun \u00e0 travers l\u2019autonomisation financi\u00e8re et professionnelle des jeunes. \u00a0 Investir dans la jeunesse aujourd\u2019hui, c\u2019est b\u00e2tir le Cameroun de demain. Facebook-f Instagram Pinterest-p Articles r\u00e9cents","og_url":"https:\/\/ccec-sa.com\/index.php\/2026\/01\/16\/participation-de-la-ccec-sa-au-forum-national-de-la-jeunesse-2026\/","og_site_name":"CCEC SA","article_publisher":"https:\/\/web.facebook.com\/profile.php?id=100064025110788&mibextid=LQQJ4d&_rdc=1&_rdr","article_published_time":"2026-01-16T11:38:00+00:00","article_modified_time":"2026-03-18T12:37:18+00:00","og_image":[{"width":1187,"height":678,"url":"http:\/\/ccec-sa.com\/wp-content\/uploads\/2026\/03\/Participation-de-la-CCEC-SA-au-Forum-National-de-la-Jeunesse-2026-2.jpeg","type":"image\/jpeg"}],"author":"Patrice Kamwa","twitter_card":"summary_large_image","twitter_creator":"@ccec_sa","twitter_site":"@ccec_sa","twitter_misc":{"\u00c9crit par":"Patrice Kamwa","Dur\u00e9e de lecture estim\u00e9e":"6 minutes"},"schema":{"@context":"https:\/\/schema.org","@graph":[{"@type":"Article","@id":"https:\/\/ccec-sa.com\/index.php\/2026\/01\/16\/participation-de-la-ccec-sa-au-forum-national-de-la-jeunesse-2026\/#article","isPartOf":{"@id":"https:\/\/ccec-sa.com\/index.php\/2026\/01\/16\/participation-de-la-ccec-sa-au-forum-national-de-la-jeunesse-2026\/"},"author":{"name":"Patrice Kamwa","@id":"https:\/\/ccec-sa.com\/#\/schema\/person\/fb9228c27f09f1d948915c0fac325ee6"},"headline":"Participation de la CCEC-SA au Forum National de la Jeunesse 2026","datePublished":"2026-01-16T11:38:00+00:00","dateModified":"2026-03-18T12:37:18+00:00","mainEntityOfPage":{"@id":"https:\/\/ccec-sa.com\/index.php\/2026\/01\/16\/participation-de-la-ccec-sa-au-forum-national-de-la-jeunesse-2026\/"},"wordCount":474,"commentCount":0,"publisher":{"@id":"https:\/\/ccec-sa.com\/#organization"},"image":{"@id":"https:\/\/ccec-sa.com\/index.php\/2026\/01\/16\/participation-de-la-ccec-sa-au-forum-national-de-la-jeunesse-2026\/#primaryimage"},"thumbnailUrl":"https:\/\/ccec-sa.com\/wp-content\/uploads\/2026\/03\/Participation-de-la-CCEC-SA-au-Forum-National-de-la-Jeunesse-2026-2.jpeg","articleSection":["Activit\u00e9s"],"inLanguage":"fr-FR","potentialAction":[{"@type":"CommentAction","name":"Comment","target":["https:\/\/ccec-sa.com\/index.php\/2026\/01\/16\/participation-de-la-ccec-sa-au-forum-national-de-la-jeunesse-2026\/#respond"]}]},{"@type":"WebPage","@id":"https:\/\/ccec-sa.com\/index.php\/2026\/01\/16\/participation-de-la-ccec-sa-au-forum-national-de-la-jeunesse-2026\/","url":"https:\/\/ccec-sa.com\/index.php\/2026\/01\/16\/participation-de-la-ccec-sa-au-forum-national-de-la-jeunesse-2026\/","name":"Participation de la CCEC-SA au Forum National de la Jeunesse 2026 - CCEC SA","isPartOf":{"@id":"https:\/\/ccec-sa.com\/#website"},"primaryImageOfPage":{"@id":"https:\/\/ccec-sa.com\/index.php\/2026\/01\/16\/participation-de-la-ccec-sa-au-forum-national-de-la-jeunesse-2026\/#primaryimage"},"image":{"@id":"https:\/\/ccec-sa.com\/index.php\/2026\/01\/16\/participation-de-la-ccec-sa-au-forum-national-de-la-jeunesse-2026\/#primaryimage"},"thumbnailUrl":"https:\/\/ccec-sa.com\/wp-content\/uploads\/2026\/03\/Participation-de-la-CCEC-SA-au-Forum-National-de-la-Jeunesse-2026-2.jpeg","datePublished":"2026-01-16T11:38:00+00:00","dateModified":"2026-03-18T12:37:18+00:00","breadcrumb":{"@id":"https:\/\/ccec-sa.com\/index.php\/2026\/01\/16\/participation-de-la-ccec-sa-au-forum-national-de-la-jeunesse-2026\/#breadcrumb"},"inLanguage":"fr-FR","potentialAction":[{"@type":"ReadAction","target":["https:\/\/ccec-sa.com\/index.php\/2026\/01\/16\/participation-de-la-ccec-sa-au-forum-national-de-la-jeunesse-2026\/"]}]},{"@type":"ImageObject","inLanguage":"fr-FR","@id":"https:\/\/ccec-sa.com\/index.php\/2026\/01\/16\/participation-de-la-ccec-sa-au-forum-national-de-la-jeunesse-2026\/#primaryimage","url":"https:\/\/ccec-sa.com\/wp-content\/uploads\/2026\/03\/Participation-de-la-CCEC-SA-au-Forum-National-de-la-Jeunesse-2026-2.jpeg","contentUrl":"https:\/\/ccec-sa.com\/wp-content\/uploads\/2026\/03\/Participation-de-la-CCEC-SA-au-Forum-National-de-la-Jeunesse-2026-2.jpeg","width":1187,"height":678},{"@type":"BreadcrumbList","@id":"https:\/\/ccec-sa.com\/index.php\/2026\/01\/16\/participation-de-la-ccec-sa-au-forum-national-de-la-jeunesse-2026\/#breadcrumb","itemListElement":[{"@type":"ListItem","position":1,"name":"Accueil","item":"https:\/\/ccec-sa.com\/"},{"@type":"ListItem","position":2,"name":"Participation de la CCEC-SA au Forum National de la Jeunesse 2026"}]},{"@type":"WebSite","@id":"https:\/\/ccec-sa.com\/#website","url":"https:\/\/ccec-sa.com\/","name":"CCEC SA","description":"La microfinance qui vous accompagne","publisher":{"@id":"https:\/\/ccec-sa.com\/#organization"},"potentialAction":[{"@type":"SearchAction","target":{"@type":"EntryPoint","urlTemplate":"https:\/\/ccec-sa.com\/?s={search_term_string}"},"query-input":{"@type":"PropertyValueSpecification","valueRequired":true,"valueName":"search_term_string"}}],"inLanguage":"fr-FR"},{"@type":"Organization","@id":"https:\/\/ccec-sa.com\/#organization","name":"CCEC SA","url":"https:\/\/ccec-sa.com\/","logo":{"@type":"ImageObject","inLanguage":"fr-FR","@id":"https:\/\/ccec-sa.com\/#\/schema\/logo\/image\/","url":"http:\/\/ccec-sa.com\/wp-content\/uploads\/2024\/10\/Logo-CCEC.png","contentUrl":"http:\/\/ccec-sa.com\/wp-content\/uploads\/2024\/10\/Logo-CCEC.png","width":561,"height":297,"caption":"CCEC SA"},"image":{"@id":"https:\/\/ccec-sa.com\/#\/schema\/logo\/image\/"},"sameAs":["https:\/\/web.facebook.com\/profile.php?id=100064025110788&mibextid=LQQJ4d&_rdc=1&_rdr","https:\/\/x.com\/ccec_sa","https:\/\/www.linkedin.com\/company\/ccec-sa\/","https:\/\/www.instagram.com\/ccec.sa\/"]},{"@type":"Person","@id":"https:\/\/ccec-sa.com\/#\/schema\/person\/fb9228c27f09f1d948915c0fac325ee6","name":"Patrice Kamwa","image":{"@type":"ImageObject","inLanguage":"fr-FR","@id":"https:\/\/ccec-sa.com\/#\/schema\/person\/image\/","url":"https:\/\/secure.gravatar.com\/avatar\/1dea0f0f8d1ff2a7b556daa0edf61b1f3ded7f504382ece99b8735c32411b564?s=96&d=mm&r=g","contentUrl":"https:\/\/secure.gravatar.com\/avatar\/1dea0f0f8d1ff2a7b556daa0edf61b1f3ded7f504382ece99b8735c32411b564?s=96&d=mm&r=g","caption":"Patrice Kamwa"},"url":"https:\/\/ccec-sa.com\/index.php\/author\/patrice-osbee\/"}]}},"_links":{"self":[{"href":"https:\/\/ccec-sa.com\/index.php\/wp-json\/wp\/v2\/posts\/1582","targetHints":{"allow":["GET"]}}],"collection":[{"href":"https:\/\/ccec-sa.com\/index.php\/wp-json\/wp\/v2\/posts"}],"about":[{"href":"https:\/\/ccec-sa.com\/index.php\/wp-json\/wp\/v2\/types\/post"}],"author":[{"embeddable":true,"href":"https:\/\/ccec-sa.com\/index.php\/wp-json\/wp\/v2\/users\/6"}],"replies":[{"embeddable":true,"href":"https:\/\/ccec-sa.com\/index.php\/wp-json\/wp\/v2\/comments?post=1582"}],"version-history":[{"count":19,"href":"https:\/\/ccec-sa.com\/index.php\/wp-json\/wp\/v2\/posts\/1582\/revisions"}],"predecessor-version":[{"id":1714,"href":"https:\/\/ccec-sa.com\/index.php\/wp-json\/wp\/v2\/posts\/1582\/revisions\/1714"}],"wp:featuredmedia":[{"embeddable":true,"href":"https:\/\/ccec-sa.com\/index.php\/wp-json\/wp\/v2\/media\/1584"}],"wp:attachment":[{"href":"https:\/\/ccec-sa.com\/index.php\/wp-json\/wp\/v2\/media?parent=1582"}],"wp:term":[{"taxonomy":"category","embeddable":true,"href":"https:\/\/ccec-sa.com\/index.php\/wp-json\/wp\/v2\/categories?post=1582"},{"taxonomy":"post_tag","embeddable":true,"href":"https:\/\/ccec-sa.com\/index.php\/wp-json\/wp\/v2\/tags?post=1582"}],"curies":[{"name":"wp","href":"https:\/\/api.w.org\/{rel}","templated":true}]}}